{"id":18,"count":1,"description":"Cat\u00e9gorie d'actualit\u00e9 qualifi\u00e9e sur les deux axes : n'accueille que du relev\u00e9 dat\u00e9 et localis\u00e9. Arr\u00eat\u00e9s pr\u00e9fectoraux locaux, entreprises certifi\u00e9es CTB-A+ de la Dr\u00f4me et de l'Ard\u00e8che, signalements de termites d\u00e9clar\u00e9s en mairie, prix fourni-pos\u00e9 relev\u00e9s, chantiers observ\u00e9s dans la vall\u00e9e.","link":"https:\/\/bati-vert.fr\/blog\/category\/releves-du-bassin\/","name":"Relev\u00e9s du bassin","slug":"releves-du-bassin","taxonomy":"category","parent":0,"meta":[],"_links":{"self":[{"href":"https:\/\/bati-vert.fr\/blog\/wp-json\/wp\/v2\/categories\/18","targetHints":{"allow":["GET"]}}],"collection":[{"href":"https:\/\/bati-vert.fr\/blog\/wp-json\/wp\/v2\/categories"}],"about":[{"href":"https:\/\/bati-vert.fr\/blog\/wp-json\/wp\/v2\/taxonomies\/category"}],"wp:post_type":[{"href":"https:\/\/bati-vert.fr\/blog\/wp-json\/wp\/v2\/posts?categories=18"}],"curies":[{"name":"wp","href":"https:\/\/api.w.org\/{rel}","templated":true}]}}